{"id":18527,"date":"2024-04-04T15:18:13","date_gmt":"2024-04-04T12:18:13","guid":{"rendered":"https:\/\/ajakirimaja.ee\/sailitamist-umber-motestamas\/"},"modified":"2024-09-23T17:29:34","modified_gmt":"2024-09-23T14:29:34","slug":"rethinking-preservation","status":"publish","type":"post","link":"https:\/\/ajakirimaja.ee\/en\/rethinking-preservation\/","title":{"rendered":"Rethinking Preservation"},"content":{"rendered":"\n<div style=\"height:10px\" aria-hidden=\"true\" class=\"wp-block-spacer\"><\/div>\n\n\n\n<p><strong>Preservation has achieved cultural significance as a lens through which various urban experts have come to imagine what a socially and environmentally sound future might look like. As an approach, preservation has been applied to disparate phenomena ranging from historic neighbourhoods and natural environments to democracy and identity.<\/strong><\/p>\n<p>The Urban Studies programme in the Estonian Academy of Arts (EKA) has been unpacking some of the critical questions surrounding this discourse in a studio called \u2018Preservation: Architecture, Nature and Politics\u2019. Studio tutors Maro\u0161 Kriv\u00fd\u2014Professor of Urban Studies at EKA and Marie Sk\u0142odowska-Curie Fellow at the Canadian Centre for Architecture\u2014and Sean Tyler\u2014a PhD student at EKA exploring the discourse of stewardship in contemporary landscape architecture\u2014sat down with Kaija-Luisa Kurik for a discussion about the politics of preserving built and natural heritage.<\/p>\n\n\n\n<div style=\"height:10px\" aria-hidden=\"true\" class=\"wp-block-spacer\"><\/div>\n\n\n\n<figure class=\"wp-block-image size-large\"><img fetchpriority=\"high\" decoding=\"async\" width=\"1024\" height=\"865\" src=\"https:\/\/ajakirimaja.ee\/wp-content\/uploads\/2024\/04\/1.-Egemen-MercanliogluDSCF0218-1024x865.jpg\" alt=\"\" class=\"wp-image-18504\" srcset=\"https:\/\/ajakirimaja.ee\/wp-content\/uploads\/2024\/04\/1.-Egemen-MercanliogluDSCF0218-1024x865.jpg 1024w, https:\/\/ajakirimaja.ee\/wp-content\/uploads\/2024\/04\/1.-Egemen-MercanliogluDSCF0218-300x254.jpg 300w, https:\/\/ajakirimaja.ee\/wp-content\/uploads\/2024\/04\/1.-Egemen-MercanliogluDSCF0218-768x649.jpg 768w, https:\/\/ajakirimaja.ee\/wp-content\/uploads\/2024\/04\/1.-Egemen-MercanliogluDSCF0218-1536x1298.jpg 1536w, https:\/\/ajakirimaja.ee\/wp-content\/uploads\/2024\/04\/1.-Egemen-MercanliogluDSCF0218.jpg 1800w\" sizes=\"(max-width: 1024px) 100vw, 1024px\" \/><figcaption class=\"wp-element-caption\"><em>Maro\u0161 Kriv\u00fd and Sean Tyler. Photos: Egemen Mercanlioglu<\/em><\/figcaption><\/figure>\n\n\n\n<figure class=\"wp-block-image size-large\"><img decoding=\"async\" width=\"1024\" height=\"683\" src=\"https:\/\/ajakirimaja.ee\/wp-content\/uploads\/2024\/04\/2.-Egemen-Mercanliouglu-1024x683.jpg\" alt=\"\" class=\"wp-image-18502\" srcset=\"https:\/\/ajakirimaja.ee\/wp-content\/uploads\/2024\/04\/2.-Egemen-Mercanliouglu-1024x683.jpg 1024w, https:\/\/ajakirimaja.ee\/wp-content\/uploads\/2024\/04\/2.-Egemen-Mercanliouglu-300x200.jpg 300w, https:\/\/ajakirimaja.ee\/wp-content\/uploads\/2024\/04\/2.-Egemen-Mercanliouglu-768x512.jpg 768w, https:\/\/ajakirimaja.ee\/wp-content\/uploads\/2024\/04\/2.-Egemen-Mercanliouglu-1536x1024.jpg 1536w, https:\/\/ajakirimaja.ee\/wp-content\/uploads\/2024\/04\/2.-Egemen-Mercanliouglu.jpg 1800w\" sizes=\"(max-width: 1024px) 100vw, 1024px\" \/><figcaption class=\"wp-element-caption\"><em>Kaija-Luisa Kurik and Maro\u0161 Kriv\u00fd.<\/em><\/figcaption><\/figure>\n\n\n\n<p><strong>Kaija-Luisa Kurik: We have been running the studio \u2018Preservation: Architecture, Nature, Politics\u2019 in the EKA Urban Studies programme for three years now. When did the question of preservation become such a relevant framework for understanding contemporary urban issues and why? Are there any further educational potentials for architects and urbanists in this realm yet to be explored?<\/strong><\/p>\n\n\n\n<p><strong>Maro\u0161 Kriv\u00fd:<\/strong> With the studio, we emphasise that it is important to view preservation, conservation and related practices critically. For example, when something is preserved, who benefits and how? There are always decisions made about what should be preserved and how, and what shouldn\u2019t be preserved. Decisions made by preservationists as well as the institution of preservation as such are shaped by ever-changing imaginaries that see certain objects as more valuable than others, but rarely provide space for reflecting on the criteria underpinning these judgments. From the perspective of critical heritage studies, heritage is a relational concept, and I would welcome the popularisation of this perspective in the Estonian arena. In other words, what we are preserving is not a physical object, but a relation of specific people to that object.<\/p>\n<p><strong>Sean Tyler:<\/strong> I think these \u2018relations of specific people to an object\u2019, as you put it, often play out where an institution that imagines particular historic and aesthetic significance and value to an object or ensemble of objects, but can be detached from the social relations and practices of those local people that inhabit them. I have been experiencing this actually first-hand where I live. It\u2019s a 19th-century timber building that fronts onto the town square, where this one front facade is \u2018protected\u2019 and the municipality has argued that it has value as a kind of \u2018postcard backdrop\u2019 for the town. A small washing and sauna house was built, as there was originally no plumbing in the main building. The municipality argues that this smaller bathing house obstructs this postcard image and should be demolished. It also represents an image not necessarily attractive to some\u2014something slightly ad hoc and Soviet. But this building has for many years been an integral gathering point of social relations, and without it, a number of residents would have nowhere to clean themselves.<\/p>\n<p>How does someone decide what is kept and what is not, especially when you are talking about these social aspects? How do you measure these things? This is something that has intrigued me.<\/p>\n\n\n\n<figure class=\"wp-block-image size-large\"><a href=\"https:\/\/ajakirimaja.ee\/wp-content\/uploads\/2024\/04\/Foto-Kaija-Luisa-Kurik.jpg\"><img decoding=\"async\" width=\"1024\" height=\"768\" src=\"https:\/\/ajakirimaja.ee\/wp-content\/uploads\/2024\/04\/Foto-Kaija-Luisa-Kurik-1024x768.jpg\" alt=\"\" class=\"wp-image-18506\" srcset=\"https:\/\/ajakirimaja.ee\/wp-content\/uploads\/2024\/04\/Foto-Kaija-Luisa-Kurik-1024x768.jpg 1024w, https:\/\/ajakirimaja.ee\/wp-content\/uploads\/2024\/04\/Foto-Kaija-Luisa-Kurik-300x225.jpg 300w, https:\/\/ajakirimaja.ee\/wp-content\/uploads\/2024\/04\/Foto-Kaija-Luisa-Kurik-768x576.jpg 768w, https:\/\/ajakirimaja.ee\/wp-content\/uploads\/2024\/04\/Foto-Kaija-Luisa-Kurik-1536x1152.jpg 1536w, https:\/\/ajakirimaja.ee\/wp-content\/uploads\/2024\/04\/Foto-Kaija-Luisa-Kurik.jpg 1700w\" sizes=\"(max-width: 1024px) 100vw, 1024px\" \/><\/a><figcaption class=\"wp-element-caption\"><em>The studio culminated with performances and presentations in P\u00e4rnu Tervise Boilerhouse. The final project of students Paul Simon, Kush Badhwar and Nabeel Imtiaz reflected on the practices of Non Grata and blended the city&#8217;s urban past and future in a performance. Photo: Kaija-Luisa Kurik<\/em><\/figcaption><\/figure>\n\n\n\n<p><strong>MK:<\/strong> Exactly\u2014this is a very good example. One of the founding books of critical heritage studies, <em>Uses of Heritage<\/em> by Laurajane Smith (2006), touches on what Sean just said.<\/p>\n<p>Smith introduces the concept of <em>authorised heritage discourse<\/em>\u2014a professional discourse privileging expert values in the way we construct our relation to, and knowledge about, the past and how that past is manifested in the built environment. It is through that authorised heritage discourse that a sense of what heritage is, gets constructed. For Smith, authorised heritage discourse naturalises the \u2018[i]mmutable and inherent nature of the value and meaning of heritage within the practice of heritage conservation and management\u2019.<strong><sup>1<\/sup><\/strong> I would emphasise that this discourse constructs equally a sense of what is not heritage (and thus the category of what we could call \u2018non-heritage\u2019 or even \u2018anti-heritage\u2019). In any case, the idea of authorised heritage discourse calls attention to what is outside of it, and thus to a range of other counterdiscourses or popular discourses not associated with or backed by professional experts authorising what is or is not heritage. Here, meanings are derived from peoples\u2019 everyday lives and their experiences, such as\u2014to return to Sean\u2019s example\u2014building a bathhouse because there were no bathrooms in the main building. <\/p>\n<p><strong>Kaija-Luisa Kurik: I wonder what would be some other really explicit examples of this\u2014not necessarily from Estonia? Or is Eastern Europe or Estonia special for trying to impose certain aesthetically driven ideologies through preservation? Or is it like that everywhere?<\/strong><\/p>\n<p><strong>ST:<\/strong> During the studio this year, we compiled a compendium where each student proposed an article on a topic that interested them. One of our students, Paula, contributed an excerpt from the book <em>Shanzhai: Deconstruction in Chinese by Byung-Chul<\/em> Han that explored Chinese and Japanese philosophy towards preservation. The excerpt explored the meaning and value of a copy. According to Han, the Chinese concept of a copy, <em>fuzhipin<\/em> (\u8907\u88fd\u54c1), is very different from how we Europeans understand it\u2014in fact, it has no negative connotations at all, and a copy in this sense is considered to have equal value to the original. Han describes the origins of preservation in Europe, where the preservation of historical monuments begins with the museumisation of the past, and cult value giving way to exhibition value. This goes hand in hand with the rise of tourism and the so-called Grand Tours that began in the Renaissance period, where ancient buildings and artworks acquired this kind of exhibition value and were presented as attractions.<strong><sup>2<\/sup><\/strong> Han argues that this was when the first measures to preserve ancient structures were taken. Before that, we can find many examples of alterations of and removals from famous statues or structures. Han uses the example of the Colosseum, from which large sections were removed and repurposed for new buildings, alongside statues that, rather than being faithfully restored to the original form as is the tradition today, were in fact modified with additional elements and interventions to \u2018improve\u2019 them. This historical connection was interesting\u2014the image of the building and that kind of museum value is highlighted as particularly Western phenomenon.<\/p>\n<p><strong>MK:<\/strong> Exactly. Since the late 19<sup>th<\/sup> century, the process of museumisation has gone hand in hand with the institutionalisation of preservation in national legislations. At the same time, the notion of heritage monuments belonging to the entire humanity is constructed through various international charters and agreements. Lucia Allais\u2019 recent book <em>Designs of Destruction: The Making of Monuments in the Twentieth Century<\/em> examines the colonial legacy of this process.<\/p>\n<p>One of her points is that the idea of heritage monuments became mainstream during the Second World War, when art historians and others compiled lists of objects that military bombers were instructed not to bomb. Yet again, one can ask how these notions of heritage operate against a kind of wider background of what is not heritage. It is interesting to trace historically how these assumptions change. Consider the case of industrial heritage. ICOMOS\u2019s Athens Charter for the Restoration of Historic Monuments (1931), for instance, states that unsightly telegraph poles and all noisy factories need to be removed from neighbourhoods with artistic and historic monuments.<sup><strong>3<\/strong><\/sup> So how does this square with the culture of preserving industrial buildings that has risen over the past half-century, first in the UK and more recently also in Eastern Europe? The irony is that the field of historic preservation is rather oblivious to its own history as a profession. Allais\u2019s <em>Designs of Destruction<\/em> is one of the groundbreaking works that explores this history and how to build a bridge between histories of built environment and histories of expert practices centred around judging built environments as more and less valuable.<\/p>\n\n\n\n<figure class=\"wp-block-image size-large\"><a href=\"https:\/\/ajakirimaja.ee\/wp-content\/uploads\/2024\/04\/6.-foto-Kaija-Luisa-Kurik.jpg\"><img loading=\"lazy\" decoding=\"async\" width=\"768\" height=\"1024\" src=\"https:\/\/ajakirimaja.ee\/wp-content\/uploads\/2024\/04\/6.-foto-Kaija-Luisa-Kurik-768x1024.jpg\" alt=\"\" class=\"wp-image-18509\" srcset=\"https:\/\/ajakirimaja.ee\/wp-content\/uploads\/2024\/04\/6.-foto-Kaija-Luisa-Kurik-768x1024.jpg 768w, https:\/\/ajakirimaja.ee\/wp-content\/uploads\/2024\/04\/6.-foto-Kaija-Luisa-Kurik-225x300.jpg 225w, https:\/\/ajakirimaja.ee\/wp-content\/uploads\/2024\/04\/6.-foto-Kaija-Luisa-Kurik-1152x1536.jpg 1152w, https:\/\/ajakirimaja.ee\/wp-content\/uploads\/2024\/04\/6.-foto-Kaija-Luisa-Kurik.jpg 1500w\" sizes=\"(max-width: 768px) 100vw, 768px\" \/><\/a><figcaption class=\"wp-element-caption\"><em>Students Luca Richter, Paulina Schroeder and Augustas Lapinskas used the 2022 spring semester studio to explore the past and the future of Sindi broadcloth factory. Photo: Kaija-Luisa Kurik<\/em><\/figcaption><\/figure>\n\n\n\n<p><strong>Kaija-Luisa Kurik: It seems almost self-evident and essential that in order to understand preservation practices, we need to look at historic processes, but also possibly consider future heritage. How are some of these ideas reflected in nature conservation, which is also relevant in the studio?<\/strong><\/p>\n<p><strong>MK:<\/strong> Many experts and institutions see nature conservation as separate from architectural and urban preservation. Matthew Gandy discusses the case of London\u2019s Abney Park, a socially and ecologically unique former cemetery threatened by development pressures.<strong><sup>4<\/sup> <\/strong>He shows that regulatory agencies involved in nature conservation such as Natural England don\u2019t have the expertise or interest in protecting unconventional forms of nature, and recounts how the recent discovery of a rare species of fly in the park gave a boost to the grassroots campaign to protect the park.<\/p>\n<p><strong>Kaija-Luisa Kurik: Does this mean that the question of authenticity that runs through preservation of built environment also rises with regard to nature protection, leading us to these national debates such as, what is real Estonian nature like, what are the main local species and what is that valuable nature that is to be preserved?<\/strong><\/p>\n<p><strong>MK:<\/strong> For a couple of decades now, the field of nature conservation has been questioning the paradigm of conserving natural areas for their beauty and moving towards the idea of conserving areas that are ecologically valuable. While assessing the value of natural areas on the basis of their function within larger ecosystems is clearly more scientific than using purely aesthetic criteria, ecosystems-based approaches to nature conservation are equally, if not more, implicated in the process of displacing indigenous people from the land deemed ecologically valuable. Bram B\u00fcscher and Robert Fletcher\u2019s <em>Conservation Revolution<\/em> indicts the global nature conservation movement for its neocolonial and capitalist bias, and puts forth what they call convivial conservation as an alternative. Their idea of <em>convivial conservation<\/em> moves beyond both purely aesthetic and purely scientific approaches to nature conservation to address the role of economic and political frameworks within which conservation operates, and the question of socio-environmental justice. The goal of convivial conservation, Bu\u0308scher and Fletcher write, is \u2018not setting nature apart but integrating the uses of (nonhuman) natures into social, cultural, and ecological contexts and systems\u2019.<strong><sup>5<\/sup><\/strong><\/p>\n\n\n\n<p><strong>Kaija-Luisa Kurik: Some of these topics we touched on in the first year of the studio, when we focused on wastelands and wetlands as landscape typologies. Student projects compared how the term &#8216;wasteland&#8217; is understood in different cultures and languages; explored the interplay between wetland restoration programmes and the oil shale industry in neoliberal Estonia; traced the socialist origins of revegetating spoil banks in Czechoslovakia; examined how John Locke\u2019s labour theory of value, settler colonialism, and commodification of nature have intersected in Charleston, South Carolina; and addressed other political, institutional and technological complexities of revaluing nature.<\/strong><\/p>\n<p><strong>In the course of the studio in 2022, students were asked to participate in an installation project titled \u2018Place Buzz\u2019 for Putukav\u00e4il (Pollinator Highway), and approach it through the lens of preservation. One of the student installations that envisaged a path for insects across a busy road was recently built. Where do you think the case of Putukav\u00e4il more broadly sits in these debates?<\/strong><\/p>\n\n\n\n<figure class=\"wp-block-image size-large\"><a href=\"https:\/\/ajakirimaja.ee\/wp-content\/uploads\/2024\/04\/7.-Emilie-Razova_-scaled.jpg\"><img loading=\"lazy\" decoding=\"async\" width=\"1024\" height=\"691\" src=\"https:\/\/ajakirimaja.ee\/wp-content\/uploads\/2024\/04\/7.-Emilie-Razova_-1024x691.jpg\" alt=\"\" class=\"wp-image-18512\" srcset=\"https:\/\/ajakirimaja.ee\/wp-content\/uploads\/2024\/04\/7.-Emilie-Razova_-1024x691.jpg 1024w, https:\/\/ajakirimaja.ee\/wp-content\/uploads\/2024\/04\/7.-Emilie-Razova_-300x202.jpg 300w, https:\/\/ajakirimaja.ee\/wp-content\/uploads\/2024\/04\/7.-Emilie-Razova_-768x518.jpg 768w, https:\/\/ajakirimaja.ee\/wp-content\/uploads\/2024\/04\/7.-Emilie-Razova_-1536x1037.jpg 1536w, https:\/\/ajakirimaja.ee\/wp-content\/uploads\/2024\/04\/7.-Emilie-Razova_-2048x1382.jpg 2048w\" sizes=\"(max-width: 1024px) 100vw, 1024px\" \/><\/a><figcaption class=\"wp-element-caption\"><em>An illustration from the student project \u2018The Many Natures of a Spoil Bank: The Case of Kopistsk\u00e1 V\u00fdsypka, Northwestern Bohemia\u2019 by Emilie R\u00e1\u017eov\u00e1<\/em><\/figcaption><\/figure>\n\n\n\n<p><strong>ST<\/strong>: It&#8217;s a loaded project. While it is promoting real estate development around the site, it is also providing a large attractive public space for citizens. It is difficult to navigate between the project\u2019s intentions and outcomes. It is a tricky thing to talk about, let alone do a proposal for. The students managed to produce some interesting projects in a couple of weeks. The \u2018Interspecies Crossing\u2019 project played with the appeal of Putukav\u00e4il as a seamless mobility highway, and despite the conceptual attraction, there are a number of busy intersections that create disconnects along it.<\/p>\n<p><strong>Kaija-Luisa Kurik: I guess it is an ideal example of an attempt to bring theory and practice together that demonstrates how difficult and quite often problematic it is.<\/strong><\/p>\n<p><strong>MK:<\/strong> Putukav\u00e4il is an interesting case that I would like to do more research on. It is emblematic of a \u2018green\u2019 shift in how municipalities think and act. Specifically, the idea of a less intensive mowing regime\u2014which echoes initiatives such as <em>NoMowMa<\/em>, the idea of not cutting grass in the month of May\u2014reflects the growing appreciation for the presence of spontaneous nature in cities. Yet, it also opens up tensions among and between residents and urban professionals. For many residents, unmowed equals unkempt, neglected or even dangerous. Urban professionals must avoid looking down on these residents from a position of supposedly superior knowledge\u2014rather, they need to consider the role of class, age, ethnicity and gender in shaping aesthetic preferences and everyday urban environments.<\/p>\n<p>The potentially negative social impact of environmental projects such as Putukav\u00e4il is an important concern. Whose imaginaries about what a good city is like shape the project? Who stands to benefit, and who loses from it? Scholars have introduced the concept of green gentrification\u2014\u2018The creation or restoration of an in situ environmental good [that] will increase environmental inequality, as the amenity drives up property values, physically displaces those at the lower end of the stratification pyramid, and attracts new residents at the higher end.\u2019<strong><sup>6<\/sup><\/strong> In Tallinn, a discussion of these issues has been launched by Bianka Pl\u00fcschke-Altof and Karina Vabson, but more work is needed to foreground social and environmental justice questions in the urban arena.<\/p>\n\n\n\n<div class=\"wp-block-columns is-layout-flex wp-container-core-columns-is-layout-8f761849 wp-block-columns-is-layout-flex\">\n<div class=\"wp-block-column is-layout-flow wp-block-column-is-layout-flow\">\n<figure class=\"wp-block-image size-full\"><a href=\"https:\/\/ajakirimaja.ee\/wp-content\/uploads\/2024\/04\/Paulina-Schroeder.jpg\"><img loading=\"lazy\" decoding=\"async\" width=\"1200\" height=\"1600\" src=\"https:\/\/ajakirimaja.ee\/wp-content\/uploads\/2024\/04\/Paulina-Schroeder.jpg\" alt=\"\" class=\"wp-image-18514\" srcset=\"https:\/\/ajakirimaja.ee\/wp-content\/uploads\/2024\/04\/Paulina-Schroeder.jpg 1200w, https:\/\/ajakirimaja.ee\/wp-content\/uploads\/2024\/04\/Paulina-Schroeder-225x300.jpg 225w, https:\/\/ajakirimaja.ee\/wp-content\/uploads\/2024\/04\/Paulina-Schroeder-768x1024.jpg 768w, https:\/\/ajakirimaja.ee\/wp-content\/uploads\/2024\/04\/Paulina-Schroeder-1152x1536.jpg 1152w\" sizes=\"(max-width: 1200px) 100vw, 1200px\" \/><\/a><figcaption class=\"wp-element-caption\"><em>Building an installation in the yard of the Estonian Academy of Arts. Photo: Paulina Schroeder<\/em><\/figcaption><\/figure>\n<\/div>\n\n\n\n<div class=\"wp-block-column is-layout-flow wp-block-column-is-layout-flow\">\n<figure class=\"wp-block-image size-full\"><a href=\"https:\/\/ajakirimaja.ee\/wp-content\/uploads\/2024\/04\/Inter-species-crossing-view.png\"><img loading=\"lazy\" decoding=\"async\" width=\"1020\" height=\"691\" src=\"https:\/\/ajakirimaja.ee\/wp-content\/uploads\/2024\/04\/Inter-species-crossing-view.png\" alt=\"\" class=\"wp-image-18516\" srcset=\"https:\/\/ajakirimaja.ee\/wp-content\/uploads\/2024\/04\/Inter-species-crossing-view.png 1020w, https:\/\/ajakirimaja.ee\/wp-content\/uploads\/2024\/04\/Inter-species-crossing-view-300x203.png 300w, https:\/\/ajakirimaja.ee\/wp-content\/uploads\/2024\/04\/Inter-species-crossing-view-768x520.png 768w\" sizes=\"(max-width: 1020px) 100vw, 1020px\" \/><\/a><figcaption class=\"wp-element-caption\"><em>The installation &#8216;Akadeemia Interspecies Crossing&#8217; offers an innovative way for various living beings to cross the road. The project was created in the course of the studio by Nabeel Imtiaz, Paulina Schroeder, Augustas Lapinskas, and Christian H\u00f6rner<\/em><\/figcaption><\/figure>\n<\/div>\n<\/div>\n\n\n\n<p><strong>Kaija-Luisa Kurik: How do you, Sean, relate to this working in the field? I imagine a lot of projects involve these dilemmas on the urban scale.<\/strong><\/p>\n<p><strong>ST:<\/strong> Yes. Being aware of the potentially uneven transformation of neighbourhoods that comes with a large-scale project and attempting to negate some of these effects is the bare minimum I think that professionals should undertake. There are many positive qualities that can be realised with a project that brings together such a large public space. There is the potential to regain control over food production and provide subsistence if the city were to designate areas of Putukav\u00e4il open to urban gardening. More than providing food security, these areas can act as centres of knowledge and cultural production and exchange. Perhaps most importantly, they generate value not for commercial purposes, but for the residents. This has been done effectively throughout Tallinn, but at a much smaller scale, and there is at least one community garden (Pelguaed) already established on Putukav\u00e4il.<\/p>\n\n\n\n<figure class=\"wp-block-image size-large\"><a href=\"https:\/\/ajakirimaja.ee\/wp-content\/uploads\/2024\/04\/10.-Maros-Krivy.jpg\"><img loading=\"lazy\" decoding=\"async\" width=\"1024\" height=\"769\" src=\"https:\/\/ajakirimaja.ee\/wp-content\/uploads\/2024\/04\/10.-Maros-Krivy-1024x769.jpg\" alt=\"\" class=\"wp-image-18520\" srcset=\"https:\/\/ajakirimaja.ee\/wp-content\/uploads\/2024\/04\/10.-Maros-Krivy-1024x769.jpg 1024w, https:\/\/ajakirimaja.ee\/wp-content\/uploads\/2024\/04\/10.-Maros-Krivy-300x225.jpg 300w, https:\/\/ajakirimaja.ee\/wp-content\/uploads\/2024\/04\/10.-Maros-Krivy-768x577.jpg 768w, https:\/\/ajakirimaja.ee\/wp-content\/uploads\/2024\/04\/10.-Maros-Krivy.jpg 1400w\" sizes=\"(max-width: 1024px) 100vw, 1024px\" \/><\/a><figcaption class=\"wp-element-caption\"><em>Pelguaed. Photo: Maro\u0161 Kriv\u00fd<\/em><\/figcaption><\/figure>\n\n\n\n<p>Maro\u0161 was talking about that 1970s moment of ecological value being prioritised over aesthetics. I think these meadows can be seen as a modern-day archetype. They produce biodiversity, reduce labour costs associated with mowing, and the gardens no longer require uprooting of annual plants as these are replaced with perennials. However, this shift also requires specialised knowledge and centralised management of working within these landscapes, which can accentuate existing inequalities within the maintenance workforce.<strong><sup>7<\/sup> <\/strong>Balancing these predominantly performative landscapes with areas for social exchange such as urban gardening or projects like the seedball proposal could be an effective method for producing more just socio-environmental relations.<\/p>\n<p><strong>Kaija-Luisa Kurik: I guess this links preservation and heritage practices more generally to the question of gentrification. We discuss gentrification in classes with young urbanists and theorise over it in our academic texts as well, but it presents a huge dilemma. Some kind of change management is needed, but at the same time, how do you also manage the harm you cause? Who benefits and who doesn\u2019t, and how do you bring about that awareness? These questions are also discussed in the studio.<\/strong><\/p>\n<p><strong>ST<\/strong>: This also reminds me of one of the student group proposals for the \u2018Place Buzz\u2019 competition at Putukav\u00e4il. They proposed to initiate cooperation between local kindergartens, schools and an educator\/ecologist to conduct workshops on creating seedballs that would be distributed in seedball machines. The objective was to create a participatory intervention that encourages people to learn about the important ecological benefits of urban meadows while at the same time engaging with local stakeholders through the building, self-planting and maintenance process.<\/p>\n<p><strong>MK<\/strong>: We are witnessing an interesting moment. Another example is M\u00e4nni park in Mustam\u00e4e, originally a byproduct of an abortive project for a neighbourhood centre, which recently went through a substantial transformation. It is widely frequented and integrates diverse groups of users. It&#8217;s not an \u2018avant-garde\u2019 design, nor a destination you\u2019d visit if you live downtown. But perhaps this is what makes it special. The case highlights the potential of mikrorayon landscapes to function as a form of public space, and the fact that residents indeed use and care for them. As architectural historian Christina Crawford argued, there is heightened significance in maintaining what she calls \u2018socialist space\u2019 as \u2018an alternative bodily experience to the enclosed and exclusionary spaces of neoliberal capitalism\u2019.<strong><sup>8<\/sup><\/strong><\/p>\n\n\n\n<div style=\"height:25px\" aria-hidden=\"true\" class=\"wp-block-spacer\"><\/div>\n\n\n\n<figure class=\"wp-block-image size-large is-resized\"><img loading=\"lazy\" decoding=\"async\" width=\"1667\" height=\"1667\" src=\"https:\/\/ajakirimaja.ee\/wp-content\/uploads\/2024\/04\/Kaija-Luisa-Kurik.-Foto-autor-Sandra-Lepik_-edited.jpg\" alt=\"\" class=\"wp-image-18524\" style=\"width:413px;height:auto\" srcset=\"https:\/\/ajakirimaja.ee\/wp-content\/uploads\/2024\/04\/Kaija-Luisa-Kurik.-Foto-autor-Sandra-Lepik_-edited.jpg 1667w, https:\/\/ajakirimaja.ee\/wp-content\/uploads\/2024\/04\/Kaija-Luisa-Kurik.-Foto-autor-Sandra-Lepik_-edited-300x300.jpg 300w, https:\/\/ajakirimaja.ee\/wp-content\/uploads\/2024\/04\/Kaija-Luisa-Kurik.-Foto-autor-Sandra-Lepik_-edited-1024x1024.jpg 1024w, https:\/\/ajakirimaja.ee\/wp-content\/uploads\/2024\/04\/Kaija-Luisa-Kurik.-Foto-autor-Sandra-Lepik_-edited-150x150.jpg 150w, https:\/\/ajakirimaja.ee\/wp-content\/uploads\/2024\/04\/Kaija-Luisa-Kurik.-Foto-autor-Sandra-Lepik_-edited-768x768.jpg 768w, https:\/\/ajakirimaja.ee\/wp-content\/uploads\/2024\/04\/Kaija-Luisa-Kurik.-Foto-autor-Sandra-Lepik_-edited-1536x1536.jpg 1536w\" sizes=\"(max-width: 1667px) 100vw, 1667px\" \/><\/figure>\n\n\n\n<p><strong>KAIJA-LUISA KURIK<\/strong> is the project manager of the partnership project between the Estonian National Heritage Board and Norwegian Directorate for Cultural Heritage titled \u2018Historic Town Centres Revitalised Through Heritage-led Local Development\u2019. In addition, she is an acting coordinator of the Urban Studies programme in the Estonian Academy of Arts, and also teaches urban studies and architecture students in the Manchester School of Architecture.<\/p>\n\n\n\n<div style=\"height:50px\" aria-hidden=\"true\" class=\"wp-block-spacer\"><\/div>\n\n\n\n<p>HEADER: A historic timber building and later addition of a bathhouse\/sauna. Photo: Sean Tyler<br>PUBLISHED: Maja 109-110 (summer-autumn 2022) with main topic <strong><span style=\"color: #23dede;\"><a style=\"color: #23dede;\" href=\"https:\/\/ajakirimaja.ee\/en\/summer-fall-2022-built-heritage-and-modern-times\/\" target=\"_blank\" rel=\"noopener\">Built Heritage and Modern Times<\/a><\/span><\/strong><\/p>\n\n\n\n<div style=\"height:50px\" aria-hidden=\"true\" class=\"wp-block-spacer\"><\/div>\n\n\n\n<p><em>1\u00a0 Laurajane Smith, Uses of Heritage (London, New York: Routledge, 2006), 6.<\/em><br \/><em>2\u00a0 Byung-Chul Han, Shanzhai: Deconstruction in Chinese, tlk Philippa Hurd (Cambridge: MIT Press, 2017), 66.<\/em><br \/><em>3\u00a0 ICOMOS, \u201eThe Athens Charter for the Restoration of Historic Monuments (1931)\u201c, http:\/\/www.icomos.org\/en\/167-the-athens-charter-for-the-restoration-of-historic-monuments.<\/em><br \/><em>4\u00a0 Matthew Gandy, \u201eThe fly that tried to save the world: Saproxylic geographies and other\u2010than\u2010human ecologies\u201c, Transaction of the Institute of British Geographers 44 (2) (2019): 392\u2013406, https:\/\/doi.org\/10.1111\/tran.12281. <\/em><br \/><em>5\u00a0 Bram Bu\u0308scher, Robert Fletcher, The Conservation Revolution: Radical Ideas for Saving Nature Beyond the Anthropocene (London: Verso, 2020), 295.<\/em><br \/><em>6\u00a0 Kenneth A. Gould, Tammy L. Lewis, \u201eThe environmental injustice of green gentrification: The case of Brooklyn\u2019s Prospect Park\u201c raamatus The World in Brooklyn: Gentrification, Immigration, and Ethnic Politics in a Global City, toim Judith DeSena, Timothy Shortell (Lanham, MD: Lexington Books, 2012), 113\u2013146: 114.<\/em><br \/><em>7\u00a0 Marion Ernwein, \u2018Bringing Urban Parks to Life: The More-Than-Human Politics of Urban Ecological Work,\u2019 Annals of the American Association of Geographers, 2020), 12<br \/>8\u00a0 Christina E. Crawford, \u201eThe Case to Save Socialist Space\u201c, Research Companion to Landscape Architecture, toim Ellen Braae, Henriette Steiner (London: Routledge, 2019), 260\u2013274: 261.<\/em><\/p>\n","protected":false},"excerpt":{"rendered":"<p>Preservation has achieved cultural significance as a lens through which various urban experts have come to imagine what a socially and environmentally sound future might look like. As an approach, preservation has been applied to disparate phenomena ranging from historic neighbourhoods and natural environments to democracy and identity.<\/p>\n","protected":false},"author":2,"featured_media":18498,"comment_status":"closed","ping_status":"closed","sticky":false,"template":"","format":"standard","meta":{"generate_page_header":"","footnotes":""},"categories":[120],"tags":[250],"class_list":["post-18527","post","type-post","status-publish","format-standard","has-post-thumbnail","hentry","category-spatial-design","tag-summer-autumn-2022-built-heritage-and-modern-times","infinite-scroll-item"],"yoast_head":"<!-- This site is optimized with the Yoast SEO plugin v28.3 - https:\/\/yoast.com\/product\/yoast-seo-wordpress\/ -->\n<title>Rethinking Preservation<\/title>\n<meta name=\"description\" content=\"Preservation has achieved cultural significance as a lens through which various urban experts have come to imagine what a socially and environmentally sound future might look like.\" \/>\n<meta name=\"robots\" content=\"index, follow, max-snippet:-1, max-image-preview:large, max-video-preview:-1\" \/>\n<link rel=\"canonical\" href=\"https:\/\/ajakirimaja.ee\/en\/rethinking-preservation\/\" \/>\n<meta property=\"og:locale\" content=\"en_US\" \/>\n<meta property=\"og:type\" content=\"article\" \/>\n<meta property=\"og:title\" content=\"Rethinking Preservation\" \/>\n<meta property=\"og:description\" content=\"Preservation has achieved cultural significance as a lens through which various urban experts have come to imagine what a socially and environmentally sound future might look like.\" \/>\n<meta property=\"og:url\" content=\"https:\/\/ajakirimaja.ee\/en\/rethinking-preservation\/\" \/>\n<meta property=\"og:site_name\" content=\"MAJA\" \/>\n<meta property=\"article:published_time\" content=\"2024-04-04T12:18:13+00:00\" \/>\n<meta property=\"article:modified_time\" content=\"2024-09-23T14:29:34+00:00\" \/>\n<meta property=\"og:image\" content=\"https:\/\/ajakirimaja.ee\/wp-content\/uploads\/2024\/04\/5.-Sean-Tyler.jpeg\" \/>\n\t<meta property=\"og:image:width\" content=\"1700\" \/>\n\t<meta property=\"og:image:height\" content=\"1275\" \/>\n\t<meta property=\"og:image:type\" content=\"image\/jpeg\" \/>\n<meta name=\"author\" content=\"kaire\" \/>\n<meta name=\"twitter:card\" content=\"summary_large_image\" \/>\n<meta name=\"twitter:label1\" content=\"Written by\" \/>\n\t<meta name=\"twitter:data1\" content=\"kaire\" \/>\n\t<meta name=\"twitter:label2\" content=\"Est. reading time\" \/>\n\t<meta name=\"twitter:data2\" content=\"20 minutes\" \/>\n<script type=\"application\/ld+json\" class=\"yoast-schema-graph\">{\"@context\":\"https:\\\/\\\/schema.org\",\"@graph\":[{\"@type\":\"Article\",\"@id\":\"https:\\\/\\\/ajakirimaja.ee\\\/en\\\/rethinking-preservation\\\/#article\",\"isPartOf\":{\"@id\":\"https:\\\/\\\/ajakirimaja.ee\\\/en\\\/rethinking-preservation\\\/\"},\"author\":{\"name\":\"kaire\",\"@id\":\"https:\\\/\\\/ajakirimaja.ee\\\/#\\\/schema\\\/person\\\/27d069e38bb636ef882c7ba7e6b29603\"},\"headline\":\"Rethinking Preservation\",\"datePublished\":\"2024-04-04T12:18:13+00:00\",\"dateModified\":\"2024-09-23T14:29:34+00:00\",\"mainEntityOfPage\":{\"@id\":\"https:\\\/\\\/ajakirimaja.ee\\\/en\\\/rethinking-preservation\\\/\"},\"wordCount\":3216,\"publisher\":{\"@id\":\"https:\\\/\\\/ajakirimaja.ee\\\/#organization\"},\"image\":{\"@id\":\"https:\\\/\\\/ajakirimaja.ee\\\/en\\\/rethinking-preservation\\\/#primaryimage\"},\"thumbnailUrl\":\"https:\\\/\\\/ajakirimaja.ee\\\/wp-content\\\/uploads\\\/2024\\\/04\\\/5.-Sean-Tyler.jpeg\",\"keywords\":[\"Summer-autumn 2022: Built Heritage and Modern Times\"],\"articleSection\":[\"SPATIAL DESIGN\"],\"inLanguage\":\"en-US\"},{\"@type\":\"WebPage\",\"@id\":\"https:\\\/\\\/ajakirimaja.ee\\\/en\\\/rethinking-preservation\\\/\",\"url\":\"https:\\\/\\\/ajakirimaja.ee\\\/en\\\/rethinking-preservation\\\/\",\"name\":\"Rethinking Preservation\",\"isPartOf\":{\"@id\":\"https:\\\/\\\/ajakirimaja.ee\\\/#website\"},\"primaryImageOfPage\":{\"@id\":\"https:\\\/\\\/ajakirimaja.ee\\\/en\\\/rethinking-preservation\\\/#primaryimage\"},\"image\":{\"@id\":\"https:\\\/\\\/ajakirimaja.ee\\\/en\\\/rethinking-preservation\\\/#primaryimage\"},\"thumbnailUrl\":\"https:\\\/\\\/ajakirimaja.ee\\\/wp-content\\\/uploads\\\/2024\\\/04\\\/5.-Sean-Tyler.jpeg\",\"datePublished\":\"2024-04-04T12:18:13+00:00\",\"dateModified\":\"2024-09-23T14:29:34+00:00\",\"description\":\"Preservation has achieved cultural significance as a lens through which various urban experts have come to imagine what a socially and environmentally sound future might look like.\",\"breadcrumb\":{\"@id\":\"https:\\\/\\\/ajakirimaja.ee\\\/en\\\/rethinking-preservation\\\/#breadcrumb\"},\"inLanguage\":\"en-US\",\"potentialAction\":[{\"@type\":\"ReadAction\",\"target\":[\"https:\\\/\\\/ajakirimaja.ee\\\/en\\\/rethinking-preservation\\\/\"]}]},{\"@type\":\"ImageObject\",\"inLanguage\":\"en-US\",\"@id\":\"https:\\\/\\\/ajakirimaja.ee\\\/en\\\/rethinking-preservation\\\/#primaryimage\",\"url\":\"https:\\\/\\\/ajakirimaja.ee\\\/wp-content\\\/uploads\\\/2024\\\/04\\\/5.-Sean-Tyler.jpeg\",\"contentUrl\":\"https:\\\/\\\/ajakirimaja.ee\\\/wp-content\\\/uploads\\\/2024\\\/04\\\/5.-Sean-Tyler.jpeg\",\"width\":1700,\"height\":1275},{\"@type\":\"BreadcrumbList\",\"@id\":\"https:\\\/\\\/ajakirimaja.ee\\\/en\\\/rethinking-preservation\\\/#breadcrumb\",\"itemListElement\":[{\"@type\":\"ListItem\",\"position\":1,\"name\":\"Home\",\"item\":\"https:\\\/\\\/ajakirimaja.ee\\\/en\\\/\"},{\"@type\":\"ListItem\",\"position\":2,\"name\":\"Rethinking Preservation\"}]},{\"@type\":\"WebSite\",\"@id\":\"https:\\\/\\\/ajakirimaja.ee\\\/#website\",\"url\":\"https:\\\/\\\/ajakirimaja.ee\\\/\",\"name\":\"MAJA\",\"description\":\"\",\"publisher\":{\"@id\":\"https:\\\/\\\/ajakirimaja.ee\\\/#organization\"},\"potentialAction\":[{\"@type\":\"SearchAction\",\"target\":{\"@type\":\"EntryPoint\",\"urlTemplate\":\"https:\\\/\\\/ajakirimaja.ee\\\/?s={search_term_string}\"},\"query-input\":{\"@type\":\"PropertyValueSpecification\",\"valueRequired\":true,\"valueName\":\"search_term_string\"}}],\"inLanguage\":\"en-US\"},{\"@type\":\"Organization\",\"@id\":\"https:\\\/\\\/ajakirimaja.ee\\\/#organization\",\"name\":\"MAJA\",\"url\":\"https:\\\/\\\/ajakirimaja.ee\\\/\",\"logo\":{\"@type\":\"ImageObject\",\"inLanguage\":\"en-US\",\"@id\":\"https:\\\/\\\/ajakirimaja.ee\\\/#\\\/schema\\\/logo\\\/image\\\/\",\"url\":\"https:\\\/\\\/ajakirimaja.ee\\\/wp-content\\\/uploads\\\/2023\\\/01\\\/cropped-MAJA_logo_est_23.png\",\"contentUrl\":\"https:\\\/\\\/ajakirimaja.ee\\\/wp-content\\\/uploads\\\/2023\\\/01\\\/cropped-MAJA_logo_est_23.png\",\"width\":403,\"height\":80,\"caption\":\"MAJA\"},\"image\":{\"@id\":\"https:\\\/\\\/ajakirimaja.ee\\\/#\\\/schema\\\/logo\\\/image\\\/\"}},{\"@type\":\"Person\",\"@id\":\"https:\\\/\\\/ajakirimaja.ee\\\/#\\\/schema\\\/person\\\/27d069e38bb636ef882c7ba7e6b29603\",\"name\":\"kaire\",\"image\":{\"@type\":\"ImageObject\",\"inLanguage\":\"en-US\",\"@id\":\"https:\\\/\\\/secure.gravatar.com\\\/avatar\\\/46aa2668910ab4964cedb911cbf9ff3c2064bc0518ae5b9a5286175c2ead624f?s=96&d=mm&r=g\",\"url\":\"https:\\\/\\\/secure.gravatar.com\\\/avatar\\\/46aa2668910ab4964cedb911cbf9ff3c2064bc0518ae5b9a5286175c2ead624f?s=96&d=mm&r=g\",\"contentUrl\":\"https:\\\/\\\/secure.gravatar.com\\\/avatar\\\/46aa2668910ab4964cedb911cbf9ff3c2064bc0518ae5b9a5286175c2ead624f?s=96&d=mm&r=g\",\"caption\":\"kaire\"},\"url\":\"https:\\\/\\\/ajakirimaja.ee\\\/en\\\/author\\\/kaire\\\/\"}]}<\/script>\n<!-- \/ Yoast SEO plugin. -->","yoast_head_json":{"title":"Rethinking Preservation","description":"Preservation has achieved cultural significance as a lens through which various urban experts have come to imagine what a socially and environmentally sound future might look like.","robots":{"index":"index","follow":"follow","max-snippet":"max-snippet:-1","max-image-preview":"max-image-preview:large","max-video-preview":"max-video-preview:-1"},"canonical":"https:\/\/ajakirimaja.ee\/en\/rethinking-preservation\/","og_locale":"en_US","og_type":"article","og_title":"Rethinking Preservation","og_description":"Preservation has achieved cultural significance as a lens through which various urban experts have come to imagine what a socially and environmentally sound future might look like.","og_url":"https:\/\/ajakirimaja.ee\/en\/rethinking-preservation\/","og_site_name":"MAJA","article_published_time":"2024-04-04T12:18:13+00:00","article_modified_time":"2024-09-23T14:29:34+00:00","og_image":[{"width":1700,"height":1275,"url":"https:\/\/ajakirimaja.ee\/wp-content\/uploads\/2024\/04\/5.-Sean-Tyler.jpeg","type":"image\/jpeg"}],"author":"kaire","twitter_card":"summary_large_image","twitter_misc":{"Written by":"kaire","Est. reading time":"20 minutes"},"schema":{"@context":"https:\/\/schema.org","@graph":[{"@type":"Article","@id":"https:\/\/ajakirimaja.ee\/en\/rethinking-preservation\/#article","isPartOf":{"@id":"https:\/\/ajakirimaja.ee\/en\/rethinking-preservation\/"},"author":{"name":"kaire","@id":"https:\/\/ajakirimaja.ee\/#\/schema\/person\/27d069e38bb636ef882c7ba7e6b29603"},"headline":"Rethinking Preservation","datePublished":"2024-04-04T12:18:13+00:00","dateModified":"2024-09-23T14:29:34+00:00","mainEntityOfPage":{"@id":"https:\/\/ajakirimaja.ee\/en\/rethinking-preservation\/"},"wordCount":3216,"publisher":{"@id":"https:\/\/ajakirimaja.ee\/#organization"},"image":{"@id":"https:\/\/ajakirimaja.ee\/en\/rethinking-preservation\/#primaryimage"},"thumbnailUrl":"https:\/\/ajakirimaja.ee\/wp-content\/uploads\/2024\/04\/5.-Sean-Tyler.jpeg","keywords":["Summer-autumn 2022: Built Heritage and Modern Times"],"articleSection":["SPATIAL DESIGN"],"inLanguage":"en-US"},{"@type":"WebPage","@id":"https:\/\/ajakirimaja.ee\/en\/rethinking-preservation\/","url":"https:\/\/ajakirimaja.ee\/en\/rethinking-preservation\/","name":"Rethinking Preservation","isPartOf":{"@id":"https:\/\/ajakirimaja.ee\/#website"},"primaryImageOfPage":{"@id":"https:\/\/ajakirimaja.ee\/en\/rethinking-preservation\/#primaryimage"},"image":{"@id":"https:\/\/ajakirimaja.ee\/en\/rethinking-preservation\/#primaryimage"},"thumbnailUrl":"https:\/\/ajakirimaja.ee\/wp-content\/uploads\/2024\/04\/5.-Sean-Tyler.jpeg","datePublished":"2024-04-04T12:18:13+00:00","dateModified":"2024-09-23T14:29:34+00:00","description":"Preservation has achieved cultural significance as a lens through which various urban experts have come to imagine what a socially and environmentally sound future might look like.","breadcrumb":{"@id":"https:\/\/ajakirimaja.ee\/en\/rethinking-preservation\/#breadcrumb"},"inLanguage":"en-US","potentialAction":[{"@type":"ReadAction","target":["https:\/\/ajakirimaja.ee\/en\/rethinking-preservation\/"]}]},{"@type":"ImageObject","inLanguage":"en-US","@id":"https:\/\/ajakirimaja.ee\/en\/rethinking-preservation\/#primaryimage","url":"https:\/\/ajakirimaja.ee\/wp-content\/uploads\/2024\/04\/5.-Sean-Tyler.jpeg","contentUrl":"https:\/\/ajakirimaja.ee\/wp-content\/uploads\/2024\/04\/5.-Sean-Tyler.jpeg","width":1700,"height":1275},{"@type":"BreadcrumbList","@id":"https:\/\/ajakirimaja.ee\/en\/rethinking-preservation\/#breadcrumb","itemListElement":[{"@type":"ListItem","position":1,"name":"Home","item":"https:\/\/ajakirimaja.ee\/en\/"},{"@type":"ListItem","position":2,"name":"Rethinking Preservation"}]},{"@type":"WebSite","@id":"https:\/\/ajakirimaja.ee\/#website","url":"https:\/\/ajakirimaja.ee\/","name":"MAJA","description":"","publisher":{"@id":"https:\/\/ajakirimaja.ee\/#organization"},"potentialAction":[{"@type":"SearchAction","target":{"@type":"EntryPoint","urlTemplate":"https:\/\/ajakirimaja.ee\/?s={search_term_string}"},"query-input":{"@type":"PropertyValueSpecification","valueRequired":true,"valueName":"search_term_string"}}],"inLanguage":"en-US"},{"@type":"Organization","@id":"https:\/\/ajakirimaja.ee\/#organization","name":"MAJA","url":"https:\/\/ajakirimaja.ee\/","logo":{"@type":"ImageObject","inLanguage":"en-US","@id":"https:\/\/ajakirimaja.ee\/#\/schema\/logo\/image\/","url":"https:\/\/ajakirimaja.ee\/wp-content\/uploads\/2023\/01\/cropped-MAJA_logo_est_23.png","contentUrl":"https:\/\/ajakirimaja.ee\/wp-content\/uploads\/2023\/01\/cropped-MAJA_logo_est_23.png","width":403,"height":80,"caption":"MAJA"},"image":{"@id":"https:\/\/ajakirimaja.ee\/#\/schema\/logo\/image\/"}},{"@type":"Person","@id":"https:\/\/ajakirimaja.ee\/#\/schema\/person\/27d069e38bb636ef882c7ba7e6b29603","name":"kaire","image":{"@type":"ImageObject","inLanguage":"en-US","@id":"https:\/\/secure.gravatar.com\/avatar\/46aa2668910ab4964cedb911cbf9ff3c2064bc0518ae5b9a5286175c2ead624f?s=96&d=mm&r=g","url":"https:\/\/secure.gravatar.com\/avatar\/46aa2668910ab4964cedb911cbf9ff3c2064bc0518ae5b9a5286175c2ead624f?s=96&d=mm&r=g","contentUrl":"https:\/\/secure.gravatar.com\/avatar\/46aa2668910ab4964cedb911cbf9ff3c2064bc0518ae5b9a5286175c2ead624f?s=96&d=mm&r=g","caption":"kaire"},"url":"https:\/\/ajakirimaja.ee\/en\/author\/kaire\/"}]}},"views":948,"cc_featured_image_caption":{"caption_text":"","source_text":"","source_url":""},"_links":{"self":[{"href":"https:\/\/ajakirimaja.ee\/en\/wp-json\/wp\/v2\/posts\/18527","targetHints":{"allow":["GET"]}}],"collection":[{"href":"https:\/\/ajakirimaja.ee\/en\/wp-json\/wp\/v2\/posts"}],"about":[{"href":"https:\/\/ajakirimaja.ee\/en\/wp-json\/wp\/v2\/types\/post"}],"author":[{"embeddable":true,"href":"https:\/\/ajakirimaja.ee\/en\/wp-json\/wp\/v2\/users\/2"}],"replies":[{"embeddable":true,"href":"https:\/\/ajakirimaja.ee\/en\/wp-json\/wp\/v2\/comments?post=18527"}],"version-history":[{"count":4,"href":"https:\/\/ajakirimaja.ee\/en\/wp-json\/wp\/v2\/posts\/18527\/revisions"}],"predecessor-version":[{"id":20672,"href":"https:\/\/ajakirimaja.ee\/en\/wp-json\/wp\/v2\/posts\/18527\/revisions\/20672"}],"wp:featuredmedia":[{"embeddable":true,"href":"https:\/\/ajakirimaja.ee\/en\/wp-json\/wp\/v2\/media\/18498"}],"wp:attachment":[{"href":"https:\/\/ajakirimaja.ee\/en\/wp-json\/wp\/v2\/media?parent=18527"}],"wp:term":[{"taxonomy":"category","embeddable":true,"href":"https:\/\/ajakirimaja.ee\/en\/wp-json\/wp\/v2\/categories?post=18527"},{"taxonomy":"post_tag","embeddable":true,"href":"https:\/\/ajakirimaja.ee\/en\/wp-json\/wp\/v2\/tags?post=18527"}],"curies":[{"name":"wp","href":"https:\/\/api.w.org\/{rel}","templated":true}]}}